{"id":2123,"date":"2015-10-16T13:27:46","date_gmt":"2015-10-16T11:27:46","guid":{"rendered":"http:\/\/aydinomer.com\/?p=2123"},"modified":"2015-10-16T13:40:39","modified_gmt":"2015-10-16T11:40:39","slug":"true-detective-sezon-2","status":"publish","type":"post","link":"https:\/\/aydinomer.com\/?p=2123","title":{"rendered":"True Detective &#8211; Sezon 2"},"content":{"rendered":"<p>Dizinin ilk sezonuna ili\u015fkin yaz\u0131ya <a href=\"http:\/\/aydinomer.com\/?p=1970\">buradan<\/a> ula\u015fabilirsiniz. \u0130lk yaz\u0131da da belirtti\u011fim gibi dizinin olay\u0131 her sene kadroyu de\u011fi\u015ftirip farkl\u0131 bir olay \u00fczerinden devam etmeleri. Bu sezon olay\u0131 biraz daha de\u011fi\u015ftirmi\u015fler. Ana karakter say\u0131s\u0131 artm\u0131\u015f. \u00c7ok da g\u00fczel olmu\u015f bence. Zaten a\u00e7\u0131k konu\u015fay\u0131m \u00e7\u00f6zmeye \u00e7al\u0131\u015ft\u0131klar\u0131 olay\u0131n kurgusunu ilk sezondakinden daha \u00e7ok be\u011fendim. \u0130lk sezonda bi mistik durumlar vard\u0131. Belki de o sezonla ilgili ho\u015fuma gitmeyen tek \u015feydi. Bu sezonda olaylar daha somut ve polisiye \u00f6rg\u00fcs\u00fcn\u00fc daha iyi g\u00f6rebiliyoruz.<\/p>\n<p><!--more-->Ba\u015frollere gelecek olursak, her iki filmden birinde oynayan <a href=\"http:\/\/www.imdb.com\/name\/nm0268199\/?ref_=tt_cl_t2\"><span class=\"itemprop\">Colin Farrell<\/span><\/a>, daha \u00f6nce polis olarak g\u00f6rmedi\u011fim ama \u00e7ok da yak\u0131\u015ft\u0131\u011f\u0131n\u0131 d\u00fc\u015f\u00fcnd\u00fc\u011f\u00fcm\u00a0<a href=\"http:\/\/www.imdb.com\/name\/nm1046097\/?ref_=tt_cl_t4\"><span class=\"itemprop\">Rachel McAdams<\/span><\/a> ve eski mafya babas\u0131n\u0131 canland\u0131ran\u00a0<a href=\"http:\/\/www.imdb.com\/name\/nm0000681\/?ref_=tt_cl_t10\"><span class=\"itemprop\">Vince Vaughn<\/span><\/a> abimiz. Bu \u00fc\u00e7l\u00fc dizinin ba\u015f\u0131ndan beri bir arada de\u011fil tabi ki. Ama ortadaki dava \u00fc\u00e7l\u00fcy\u00fc bir araya getiriyor. Dava ise dedi\u011fim gibi daha elle tutulur bir olay. Birisi \u00f6ld\u00fcr\u00fcl\u00fcyor, o ki\u015finin \u00f6lmesi birilerinin yat\u0131r\u0131mlar\u0131n\u0131 baltal\u0131yor, yat\u0131r\u0131mlar\u0131n bir taraf\u0131 da siyasi ki\u015filere bula\u015f\u0131yor.<\/p>\n<p>Hepi topu 8 b\u00f6l\u00fcm oldu\u011fu i\u00e7in \u00e7ok yormuyorlar olaylar\u0131 birle\u015ftirmek i\u00e7in. \u0130lk sezonda iki ki\u015fi \u00fczerinde yo\u011funla\u015ft\u0131\u011f\u0131m\u0131z i\u00e7in kavramas\u0131 \u00e7ok daha kolayd\u0131. Bu sefer ki\u015fi say\u0131s\u0131 daha fazla oldu\u011fu i\u00e7in arada bu kim, bu bunu nereden tan\u0131yordu gibi sorular\u0131 dillendirebilirsiniz. Ama \u00f6yle inan\u0131lmaz bir zorlama senaryo yok ortada. Gayet ola\u011fan ve izleyince soru i\u015faretleri b\u0131rakmayan bir sezon olmu\u015f.<\/p>\n<p>Bu sezonda yan karakterlere de \u00e7ok fazla yer verilmi\u015f. \u00d6zellikle her\u015feye ra\u011fmen e\u015fine deste\u011fini hi\u00e7 azaltmayan Jordan Semyon performans\u0131 ile \u00f6ne \u00e7\u0131k\u0131yor.<\/p>\n<p>Korktu\u011fum ba\u015f\u0131ma gelmedi\u011fi i\u00e7in \u00e7ok mutluyum a\u00e7\u0131k\u00e7as\u0131. \u0130nan\u0131lmaz kaliteli bir ilk sezonun ard\u0131ndan \u00e7\u00f6p bir sezon izleyece\u011fim diye \u00e7ok korkuyordum. Hem oyunculuk hem de hikaye a\u00e7\u0131s\u0131ndan benden ge\u00e7er not ald\u0131lar. Tabi Rust reyizin yeri ayr\u0131.<\/p>\n<p>3. sezonu heyecanla bekliyorum.<\/p>\n<p>&nbsp;<\/p>\n","protected":false},"excerpt":{"rendered":"<p>Dizinin ilk sezonuna ili\u015fkin yaz\u0131ya buradan ula\u015fabilirsiniz. \u0130lk yaz\u0131da da belirtti\u011fim gibi dizinin olay\u0131 her sene kadroyu de\u011fi\u015ftirip farkl\u0131 bir olay \u00fczerinden devam etmeleri. Bu sezon olay\u0131 biraz daha de\u011fi\u015ftirmi\u015fler. Ana karakter say\u0131s\u0131 artm\u0131\u015f. \u00c7ok da g\u00fczel olmu\u015f bence. Zaten a\u00e7\u0131k konu\u015fay\u0131m \u00e7\u00f6zmeye \u00e7al\u0131\u015ft\u0131klar\u0131 olay\u0131n kurgusunu ilk sezondakinden daha \u00e7ok be\u011fendim. \u0130lk sezonda bi mistik<\/p>\n","protected":false},"author":1,"featured_media":2127,"comment_status":"open","ping_status":"open","sticky":false,"template":"","format":"standard","meta":{"footnotes":""},"categories":[20],"tags":[278,984,1043],"class_list":["post-2123","post","type-post","status-publish","format-standard","has-post-thumbnail","hentry","category-okudum-izledim","tag-colin-farrell","tag-rachel-mcadams","tag-vince-vaughn"],"_links":{"self":[{"href":"https:\/\/aydinomer.com\/index.php?rest_route=\/wp\/v2\/posts\/2123","targetHints":{"allow":["GET"]}}],"collection":[{"href":"https:\/\/aydinomer.com\/index.php?rest_route=\/wp\/v2\/posts"}],"about":[{"href":"https:\/\/aydinomer.com\/index.php?rest_route=\/wp\/v2\/types\/post"}],"author":[{"embeddable":true,"href":"https:\/\/aydinomer.com\/index.php?rest_route=\/wp\/v2\/users\/1"}],"replies":[{"embeddable":true,"href":"https:\/\/aydinomer.com\/index.php?rest_route=%2Fwp%2Fv2%2Fcomments&post=2123"}],"version-history":[{"count":3,"href":"https:\/\/aydinomer.com\/index.php?rest_route=\/wp\/v2\/posts\/2123\/revisions"}],"predecessor-version":[{"id":2129,"href":"https:\/\/aydinomer.com\/index.php?rest_route=\/wp\/v2\/posts\/2123\/revisions\/2129"}],"wp:featuredmedia":[{"embeddable":true,"href":"https:\/\/aydinomer.com\/index.php?rest_route=\/wp\/v2\/media\/2127"}],"wp:attachment":[{"href":"https:\/\/aydinomer.com\/index.php?rest_route=%2Fwp%2Fv2%2Fmedia&parent=2123"}],"wp:term":[{"taxonomy":"category","embeddable":true,"href":"https:\/\/aydinomer.com\/index.php?rest_route=%2Fwp%2Fv2%2Fcategories&post=2123"},{"taxonomy":"post_tag","embeddable":true,"href":"https:\/\/aydinomer.com\/index.php?rest_route=%2Fwp%2Fv2%2Ftags&post=2123"}],"curies":[{"name":"wp","href":"https:\/\/api.w.org\/{rel}","templated":true}]}}